{"id":2941,"date":"2019-04-27T18:29:07","date_gmt":"2019-04-27T16:29:07","guid":{"rendered":"http:\/\/wallschule.medienzentrum-clp.de\/?p=2941"},"modified":"2019-04-27T18:59:03","modified_gmt":"2019-04-27T16:59:03","slug":"apfelernte-ausflug-nach-stapelfeld","status":"publish","type":"post","link":"https:\/\/www.wallschule-cloppenburg.de\/?p=2941","title":{"rendered":"Apfelernte &#8211; Ausflug nach Stapelfeld"},"content":{"rendered":"\n<p>Im Oktober hatten die Mitarbeiter des Umweltzentrums flei\u00dfige Praktikantinnen und Praktikanten: Die ersten Klassen und der Schulkindergarten besuchten die Katholische Akademie Stapelfeld halfen bei der Apfelernte und Weiterverarbeitung des gesunden und regionalen Obstes. Besonders gro\u00dfen Spa\u00df machte dann das Pressen der klein geschnittenen Apfelst\u00fccke. Es war aber auch ganz sch\u00f6n anstrengend! Doch die M\u00fche lohnte sich &#8211; der selbst gepresste Apfelsaft schmeckte den Kindern besonders gut! Zur St\u00e4rkung gab es dann noch ein gemeinsames Fr\u00fchst\u00fcck mit gesunden und regionalen Produkten. <\/p>\n\n\n\n<p>Die Kinder und Lehrkr\u00e4fte hatten einen spannenden Vormittag und freuen sich schon auf den n\u00e4chsten Ausflug ins Umweltzentrum Stapelfeld. <br><\/p>\n\n\n\n<ul class=\"wp-block-gallery columns-3 is-cropped wp-block-gallery-1 is-layout-flex wp-block-gallery-is-layout-flex\"><li class=\"blocks-gallery-item\"><figure><img loading=\"lazy\" decoding=\"async\" width=\"678\" height=\"1024\" src=\"http:\/\/wallschule.medienzentrum-clp.de\/wp-content\/uploads\/2019\/04\/IMG_6187-678x1024.jpg\" alt=\"\" data-id=\"2943\" data-link=\"http:\/\/wallschule.medienzentrum-clp.de\/?attachment_id=2943\" class=\"wp-image-2943\"\/><\/figure><\/li><li class=\"blocks-gallery-item\"><figure><img loading=\"lazy\" decoding=\"async\" width=\"1024\" height=\"768\" src=\"http:\/\/wallschule.medienzentrum-clp.de\/wp-content\/uploads\/2019\/04\/IMG_6219-1024x768.jpg\" alt=\"\" data-id=\"2945\" data-link=\"http:\/\/wallschule.medienzentrum-clp.de\/?attachment_id=2945\" class=\"wp-image-2945\"\/><\/figure><\/li><li class=\"blocks-gallery-item\"><figure><img loading=\"lazy\" decoding=\"async\" width=\"1024\" height=\"768\" src=\"http:\/\/wallschule.medienzentrum-clp.de\/wp-content\/uploads\/2019\/04\/IMG_6220-1024x768.jpg\" alt=\"\" data-id=\"2946\" data-link=\"http:\/\/wallschule.medienzentrum-clp.de\/?attachment_id=2946\" class=\"wp-image-2946\"\/><\/figure><\/li><li class=\"blocks-gallery-item\"><figure><img loading=\"lazy\" decoding=\"async\" width=\"1024\" height=\"768\" src=\"http:\/\/wallschule.medienzentrum-clp.de\/wp-content\/uploads\/2019\/04\/IMG_6244-1024x768.jpg\" alt=\"\" data-id=\"2948\" data-link=\"http:\/\/wallschule.medienzentrum-clp.de\/?attachment_id=2948\" class=\"wp-image-2948\"\/><\/figure><\/li><\/ul>\n","protected":false},"excerpt":{"rendered":"<p>Im Oktober hatten die Mitarbeiter des Umweltzentrums flei\u00dfige Praktikantinnen und Praktikanten: Die ersten Klassen und der Schulkindergarten besuchten die Katholische Akademie Stapelfeld halfen bei der Apfelernte und Weiterverarbeitung des gesunden und regionalen Obstes. Besonders gro\u00dfen Spa\u00df machte dann das Pressen der klein geschnittenen Apfelst\u00fccke. Es war aber auch ganz sch\u00f6n anstrengend! Doch die M\u00fche lohnte &#8230; <a title=\"Apfelernte &#8211; Ausflug nach Stapelfeld\" class=\"read-more\" href=\"https:\/\/www.wallschule-cloppenburg.de\/?p=2941\" aria-label=\"Mehr Informationen \u00fcber Apfelernte &#8211; Ausflug nach Stapelfeld\">Weiterlesen<\/a><\/p>\n","protected":false},"author":4,"featured_media":2943,"comment_status":"closed","ping_status":"closed","sticky":false,"template":"","format":"standard","meta":{"_eb_attr":"","footnotes":""},"categories":[23],"tags":[],"class_list":["post-2941","post","type-post","status-publish","format-standard","has-post-thumbnail","hentry","category-aktuelle-beitraege"],"_links":{"self":[{"href":"https:\/\/www.wallschule-cloppenburg.de\/index.php?rest_route=\/wp\/v2\/posts\/2941","targetHints":{"allow":["GET"]}}],"collection":[{"href":"https:\/\/www.wallschule-cloppenburg.de\/index.php?rest_route=\/wp\/v2\/posts"}],"about":[{"href":"https:\/\/www.wallschule-cloppenburg.de\/index.php?rest_route=\/wp\/v2\/types\/post"}],"author":[{"embeddable":true,"href":"https:\/\/www.wallschule-cloppenburg.de\/index.php?rest_route=\/wp\/v2\/users\/4"}],"replies":[{"embeddable":true,"href":"https:\/\/www.wallschule-cloppenburg.de\/index.php?rest_route=%2Fwp%2Fv2%2Fcomments&post=2941"}],"version-history":[{"count":2,"href":"https:\/\/www.wallschule-cloppenburg.de\/index.php?rest_route=\/wp\/v2\/posts\/2941\/revisions"}],"predecessor-version":[{"id":2951,"href":"https:\/\/www.wallschule-cloppenburg.de\/index.php?rest_route=\/wp\/v2\/posts\/2941\/revisions\/2951"}],"wp:featuredmedia":[{"embeddable":true,"href":"https:\/\/www.wallschule-cloppenburg.de\/index.php?rest_route=\/wp\/v2\/media\/2943"}],"wp:attachment":[{"href":"https:\/\/www.wallschule-cloppenburg.de\/index.php?rest_route=%2Fwp%2Fv2%2Fmedia&parent=2941"}],"wp:term":[{"taxonomy":"category","embeddable":true,"href":"https:\/\/www.wallschule-cloppenburg.de\/index.php?rest_route=%2Fwp%2Fv2%2Fcategories&post=2941"},{"taxonomy":"post_tag","embeddable":true,"href":"https:\/\/www.wallschule-cloppenburg.de\/index.php?rest_route=%2Fwp%2Fv2%2Ftags&post=2941"}],"curies":[{"name":"wp","href":"https:\/\/api.w.org\/{rel}","templated":true}]}}