{"id":803,"date":"2015-06-13T09:15:09","date_gmt":"2015-06-13T07:15:09","guid":{"rendered":"http:\/\/wallschule.medienzentrum-clp.de\/?p=803"},"modified":"2019-03-18T19:01:51","modified_gmt":"2019-03-18T17:01:51","slug":"fruehlingskonzert-des-chors-im-piusstift","status":"publish","type":"post","link":"https:\/\/www.wallschule-cloppenburg.de\/?p=803","title":{"rendered":"Fr\u00fchlingskonzert des Chors im Piusstift"},"content":{"rendered":"<p><span style=\"color: #000000;\">Die Chorkinder der Wallschule haben am 21. Mai ihr Fr\u00fchlingskonzert im Pius-Stift gegeben. Die Senioren und zuh\u00f6renden Eltern in der vollbesetzen Aula bekamen ein Potpourri aus Fr\u00fchlings- und anderen Jahreszeitenliedern zum Mitsingen zu h\u00f6ren und wurden von den Kindern zum Mitmachen animiert. Die Begeisterung der Zuh\u00f6rer war gro\u00df und die Darbietung der Kinder wurde mit ausgiebigem Applaus belohnt.<\/span><\/p>\n<p><span style=\"color: #000000;\">Die Kinder sangen unter der Leitung von Frau M\u00fcnzebrock und Frau Kleier, die die Chorklasse und den Jahrgangschor der Wallschule leiten.<\/span><\/p>\n<p><a href=\"http:\/\/wallschule.medienzentrum-clp.de\/wp-content\/uploads\/2015\/06\/Pius2.jpg\"><img loading=\"lazy\" decoding=\"async\" class=\"alignnone size-full wp-image-800\" src=\"http:\/\/wallschule.medienzentrum-clp.de\/wp-content\/uploads\/2015\/06\/Pius2.jpg\" alt=\"Pius2\" width=\"1280\" height=\"853\" srcset=\"https:\/\/www.wallschule-cloppenburg.de\/wp-content\/uploads\/2015\/06\/Pius2.jpg 1280w, https:\/\/www.wallschule-cloppenburg.de\/wp-content\/uploads\/2015\/06\/Pius2-300x200.jpg 300w, https:\/\/www.wallschule-cloppenburg.de\/wp-content\/uploads\/2015\/06\/Pius2-1024x682.jpg 1024w, https:\/\/www.wallschule-cloppenburg.de\/wp-content\/uploads\/2015\/06\/Pius2-450x300.jpg 450w\" sizes=\"auto, (max-width: 1280px) 100vw, 1280px\" \/><\/a> <a href=\"http:\/\/wallschule.medienzentrum-clp.de\/wp-content\/uploads\/2015\/06\/Pius.jpg\"><img loading=\"lazy\" decoding=\"async\" class=\"alignnone size-full wp-image-799\" src=\"http:\/\/wallschule.medienzentrum-clp.de\/wp-content\/uploads\/2015\/06\/Pius.jpg\" alt=\"Pius\" width=\"1280\" height=\"853\" srcset=\"https:\/\/www.wallschule-cloppenburg.de\/wp-content\/uploads\/2015\/06\/Pius.jpg 1280w, https:\/\/www.wallschule-cloppenburg.de\/wp-content\/uploads\/2015\/06\/Pius-300x200.jpg 300w, https:\/\/www.wallschule-cloppenburg.de\/wp-content\/uploads\/2015\/06\/Pius-1024x682.jpg 1024w, https:\/\/www.wallschule-cloppenburg.de\/wp-content\/uploads\/2015\/06\/Pius-450x300.jpg 450w\" sizes=\"auto, (max-width: 1280px) 100vw, 1280px\" \/><\/a><\/p>\n","protected":false},"excerpt":{"rendered":"<p>Die Chorkinder der Wallschule haben am 21. Mai ihr Fr\u00fchlingskonzert im Pius-Stift gegeben. Die Senioren und zuh\u00f6renden Eltern in der vollbesetzen Aula bekamen ein Potpourri aus Fr\u00fchlings- und anderen Jahreszeitenliedern zum Mitsingen zu h\u00f6ren und wurden von den Kindern zum Mitmachen animiert. Die Begeisterung der Zuh\u00f6rer war gro\u00df und die Darbietung der Kinder wurde mit &#8230; <a title=\"Fr\u00fchlingskonzert des Chors im Piusstift\" class=\"read-more\" href=\"https:\/\/www.wallschule-cloppenburg.de\/?p=803\" aria-label=\"Mehr Informationen \u00fcber Fr\u00fchlingskonzert des Chors im Piusstift\">Weiterlesen<\/a><\/p>\n","protected":false},"author":1,"featured_media":0,"comment_status":"closed","ping_status":"open","sticky":false,"template":"","format":"standard","meta":{"_eb_attr":"","footnotes":""},"categories":[27],"tags":[],"class_list":["post-803","post","type-post","status-publish","format-standard","hentry","category-beitraege-2015"],"_links":{"self":[{"href":"https:\/\/www.wallschule-cloppenburg.de\/index.php?rest_route=\/wp\/v2\/posts\/803","targetHints":{"allow":["GET"]}}],"collection":[{"href":"https:\/\/www.wallschule-cloppenburg.de\/index.php?rest_route=\/wp\/v2\/posts"}],"about":[{"href":"https:\/\/www.wallschule-cloppenburg.de\/index.php?rest_route=\/wp\/v2\/types\/post"}],"author":[{"embeddable":true,"href":"https:\/\/www.wallschule-cloppenburg.de\/index.php?rest_route=\/wp\/v2\/users\/1"}],"replies":[{"embeddable":true,"href":"https:\/\/www.wallschule-cloppenburg.de\/index.php?rest_route=%2Fwp%2Fv2%2Fcomments&post=803"}],"version-history":[{"count":2,"href":"https:\/\/www.wallschule-cloppenburg.de\/index.php?rest_route=\/wp\/v2\/posts\/803\/revisions"}],"predecessor-version":[{"id":2880,"href":"https:\/\/www.wallschule-cloppenburg.de\/index.php?rest_route=\/wp\/v2\/posts\/803\/revisions\/2880"}],"wp:attachment":[{"href":"https:\/\/www.wallschule-cloppenburg.de\/index.php?rest_route=%2Fwp%2Fv2%2Fmedia&parent=803"}],"wp:term":[{"taxonomy":"category","embeddable":true,"href":"https:\/\/www.wallschule-cloppenburg.de\/index.php?rest_route=%2Fwp%2Fv2%2Fcategories&post=803"},{"taxonomy":"post_tag","embeddable":true,"href":"https:\/\/www.wallschule-cloppenburg.de\/index.php?rest_route=%2Fwp%2Fv2%2Ftags&post=803"}],"curies":[{"name":"wp","href":"https:\/\/api.w.org\/{rel}","templated":true}]}}